{"id":238,"date":"2021-07-14T21:57:35","date_gmt":"2021-07-14T19:57:35","guid":{"rendered":"https:\/\/groennedemokrater.dk\/?p=238"},"modified":"2021-07-12T22:01:57","modified_gmt":"2021-07-12T20:01:57","slug":"musik-og-drama-paa-skolen","status":"publish","type":"post","link":"https:\/\/groennedemokrater.dk\/?p=238","title":{"rendered":"Musik og drama p\u00e5 skolen"},"content":{"rendered":"<p>Vi sidder ude ved gaten til flyet. Der er forsinkelse. Alle er lidt irriterede. Vi har f\u00e5et at vide, at forsinkelsen skyldes en teknisk fejl i flyets hydrauliske system. Mekanikerne arbejder p\u00e5 at f\u00e5 fejlen rettet, men forventningen er, at vi m\u00e5 vente i 3 timer. Da folk f\u00e5r den meddelelse, bryder skuffelsens suk frem. Nogle familier rejser sig og g\u00e5r tilbage til lufthavnens cafeterier. Andre hiver arrigt deres kabinekuffert og g\u00e5r et eller andet sted hen. Selv sm\u00e6kker jeg benene op p\u00e5 min egen kabinekuffert og finder min bog frem. 3 timer. Det er lang ventetid. S\u00e5 en god, tyk bog er en god ting at have med i bagagen om bord.<\/p>\n<p><!--more--><\/p>\n<h2>Bogens univers<\/h2>\n<p>Jeg l\u00e6ser. Forsvinder ind i bogens univers. Efter 3 kvarters l\u00e6sning l\u00e6gger jeg bogen fra mig. Jeg kan h\u00f8re guitarspil. Der sidder to unge fyre helt nede bagved og spiller og synger. Ikke h\u00f8jt. N\u00e6rmest hviskende. De synger p\u00e5 et sprog, jeg ikke forst\u00e5r.<\/p>\n<p>Jeg rejser mig fra stolen, jeg har siddet p\u00e5 i efterh\u00e5nden lang tid. Tr\u00e6nger til at rette ryggen og str\u00e6kke benene ud. F\u00e5 blodet i oml\u00f8b. Jeg g\u00e5r hen til de to unge fyre. Siger hej til dem. De siger hej. Smiler. Jeg sp\u00f8rger dem om, hvor de kommer fra. De fort\u00e6ller mig, at de kommer fra Jylland. Ok. Jeg sp\u00f8rger dem, om de skal p\u00e5 ferie ligesom jeg. De siger, at det skal de. De gl\u00e6der sig. T\u00e6nker, at de vil rejse lidt rundt i landet og fors\u00f8ge at tjene nogle penge ved at spille og synge for folk. P\u00e5 torve og pladser. Jeg smiler til dem. Giver dem nogle euroer og siger, at jeg gerne vil give dem til deres f\u00f8rste kop kaffe dernede. Jeg fort\u00e6ller dem, ogs\u00e5 at jeg har h\u00f8rt deres guitarspil, og at det l\u00f8d godt. Jeg sp\u00f8rger dem om, hvor de har l\u00e6rt at spille.<br \/>\nDe bliver glade for at f\u00e5 nogle euro. De takker og fort\u00e6ller mig, at de har m\u00f8dt hinanden p\u00e5 en efterskole \u2013 10.klasse, og at de blev rigtig gode venner der, for nogle \u00e5r siden. Siden da har de v\u00e6ret p\u00e5 sommerferie sammen hvert \u00e5r. Jeg sp\u00f8rger dem om, hvilken efterskole de gik p\u00e5. De fort\u00e6ller mig navnet p\u00e5 efterskolen.<\/p>\n<h3>Den skole kender jeg<\/h3>\n<p>Jeg kender den godt. Det er en god efterskole. Min datter skal g\u00e5 p\u00e5 den her efter sommerferien. Det er en <a href=\"https:\/\/naae.dk\/linjefag\/musik\/\">musikefterskole<\/a>, der har et rigtigt, godt program for eleverne. De har ogs\u00e5 venteliste og ja, min datter har valgt at g\u00e5 i 10. klasse, fordi hun tr\u00e6nger til en pause og ikke vil direkte i gymnasiet.<\/p>\n<p>Vi snakker sammen om livet p\u00e5 en <a href=\"https:\/\/www.smartcitydk.dk\/paa-efterskole\/\">efterskole<\/a>. De to fyre fort\u00e6ller mig, hvordan de havde f\u00f8lt det lige, da de startede. De var rigtig s\u00f8de at tale med.<\/p>\n<p>Folk er begyndt at sive tilbage til gaten, og ja, der st\u00e5r en kvinde i uniform og er ved at g\u00f8re klar til, at vi kan g\u00e5 om bord. Jeg \u00f8nsker fyrene god ferie. G\u00e5r tilbage til min kabinekuffert og venter p\u00e5 udkaldet. Det kommer. Forsinkelsen har kun varet i 2,5 time.<\/p>\n<h4>I Rom<\/h4>\n<p>Sidst jeg var i Rom, havde jeg en hyggelig oplevelse. Der skete nemlig det, at jeg sad p\u00e5 en plads og tegnede i min skitsebog. Jeg laver altid sm\u00e5 tegninger af bygninger og gadeliv. Det er min m\u00e5de at fotografere p\u00e5. De gange, hvor jeg har taget fotografier med min telefon, har jeg altid taget for mange \u2013 og jeg gider ikke at bladre igennem dem og slette de d\u00e5rlige.<\/p>\n<p>Tegningerne giver mig mange flere minder. Og ja, jeg daterer dem da ogs\u00e5, s\u00e5 jeg senere kan skrive om mine oplevelser i min bog.<br \/>\nMen den dag, hvor jeg sad og legede med min blyant, begyndte der ligesom at samle sig mange mennesker p\u00e5 pladsen. De stod ligesom i en rundkreds og kiggede p\u00e5 noget. Jeg blev naturligvis nysgerrig og gik hen til forsamlingen for at se, hvad der skete.<\/p>\n<h4>Pantomime<\/h4>\n<p>Det viste sig, at det var et ungt par, som lavede pantomime. De var ret sjove. Folk lo og klappede i h\u00e6nderne. Efter ca. 20 minutters tid gik de rundt med hatten, og vi lagde m\u00f8nter i den. De takkede \u2013 men jeg kunne godt h\u00f8re, at de ikke var italienere. Da jeg lagde nogle m\u00f8nter i deres hat, spurgte jeg dem om, hvor de kom fra. \u201dDanmark\u201d. Haha, der kommer jeg ogs\u00e5 fra. Jeg spurgte dem, om jeg kunne byde dem p\u00e5 en kop kaffe. Det kunne jeg godt. De skulle bare lige pakke deres grej sammen. Jeg pegede p\u00e5 en caf\u00e9 og fortalte dem, at jeg ville vente p\u00e5 dem der. De kom og satte sig ved bordet efter 10 minutter, og vi faldt i snak. Jeg viste dem mine tegninger. De var ret imponerede over dem. Jeg blev naturligvis glad for at f\u00e5 en kompliment for mine tegninger. Imens vi drak kaffe, sludrede vi om alt muligt. De fortalte, at de begge to er studerende.<\/p>\n<h4>M\u00f8dtes p\u00e5 teaterefterskole<\/h4>\n<p>De havde m\u00f8dt hinanden p\u00e5 en <a href=\"https:\/\/naae.dk\/linjefag\/teater-og-drama\/\">teater og drama efterskole<\/a> for 3 \u00e5r siden, og siden da har de g\u00e5et p\u00e5 en skuespillerskole hjemme i Danmark. De arbejder lige nu p\u00e5 et projekt, hvor de pr\u00f8ver nogle af de ting, de har l\u00e6rt af i et land, hvor de ikke kan sproget. Det er s\u00e5dan en slags \u2019studierejse\u2019. \u201dS\u00e5 hvis du ser andre rundt omkring her i byen, der laver forskellige forestillinger p\u00e5 gader og pladser, s\u00e5 er det sikkert nogle af vores medstuderende.\u201d<\/p>\n<p>Jeg syntes, at det l\u00f8d som en fantastisk god m\u00e5de at tjekke sin kunnen af p\u00e5. Og det fortalte jeg dem. De sagde da, ogs\u00e5 at de var glade for det. Ikke kun f\u00e5r de erfaring i at st\u00e5 foran et publikum, de l\u00e6rer ogs\u00e5 meget om, hvordan man kan kommunikere med folk. M\u00e6rke publikum. Det er god \u00f8velse.<\/p>\n<p>Jeg spurgte, om de skal andre steder hen i Italien. De fortalte, at de allerede havde opholdt sig i nogle dage i <a href=\"https:\/\/ferietiden.dk\/bedste-ferie-italien\">Venedig<\/a>, og at de skal videre til Sicilien om nogle dage. Flot rejse. Og dyr sikkert. Men de tjener jo sikkert til billetterne med deres forestillinger.<\/p>\n<p>Kaffen var drukket. Vi tog afsked med hinanden. \u00d8nskede hinanden held og lykke p\u00e5 vores videre rejser.<\/p>\n<div class=\"kurvv69f1ec72bf45f\" ><img src=\"https:\/\/groennedemokrater.dk\/wp-content\/uploads\/2020\/10\/Disclaimer.png\" alt=\"Disclaimer\"><\/div><style type=\"text\/css\">\r\n@media screen and (min-width: 1201px) {\r\n.kurvv69f1ec72bf45f {\r\ndisplay: block;\r\n}\r\n}\r\n@media screen and (min-width: 993px) and (max-width: 1200px) {\r\n.kurvv69f1ec72bf45f {\r\ndisplay: block;\r\n}\r\n}\r\n@media screen and (min-width: 769px) and (max-width: 992px) {\r\n.kurvv69f1ec72bf45f {\r\ndisplay: block;\r\n}\r\n}\r\n@media screen and (min-width: 768px) and (max-width: 768px) {\r\n.kurvv69f1ec72bf45f {\r\ndisplay: block;\r\n}\r\n}\r\n@media screen and (max-width: 767px) {\r\n.kurvv69f1ec72bf45f {\r\ndisplay: block;\r\n}\r\n}\r\n<\/style>\r\n","protected":false},"excerpt":{"rendered":"<p>Vi sidder ude ved gaten til flyet. Der er forsinkelse. Alle er lidt irriterede. Vi har f\u00e5et at vide, at forsinkelsen skyldes en teknisk fejl i flyets hydrauliske system. Mekanikerne arbejder p\u00e5 at f\u00e5 fejlen rettet, men forventningen er, at vi m\u00e5 vente i 3 timer. Da folk f\u00e5r den meddelelse, bryder skuffelsens suk frem. &hellip; <a href=\"https:\/\/groennedemokrater.dk\/?p=238\" class=\"more-link\">L\u00e6s videre <span class=\"screen-reader-text\">Musik og drama p\u00e5 skolen<\/span> <span class=\"meta-nav\">&rarr;<\/span><\/a><\/p>\n","protected":false},"author":3,"featured_media":239,"comment_status":"open","ping_status":"open","sticky":false,"template":"","format":"standard","meta":{"footnotes":""},"categories":[1],"tags":[],"class_list":["post-238","post","type-post","status-publish","format-standard","has-post-thumbnail","hentry","category-uncategorized"],"yoast_head":"<!-- This site is optimized with the Yoast SEO plugin v27.4 - https:\/\/yoast.com\/product\/yoast-seo-wordpress\/ -->\n<title>Musik og drama p\u00e5 skolen gav oplevelser i lufthaven - elsker det<\/title>\n<meta name=\"description\" content=\"Vi sidder ude ved gaten til flyet. Der er forsinkelse. Alle er lidt irriterede. Vi har f\u00e5et at vide, at forsinkelsen skyldes en teknisk fejl i flyets #KommercieltIndhold\" \/>\n<meta name=\"robots\" content=\"index, follow, max-snippet:-1, max-image-preview:large, max-video-preview:-1\" \/>\n<link rel=\"canonical\" href=\"https:\/\/groennedemokrater.dk\/?p=238\" \/>\n<meta property=\"og:locale\" content=\"da_DK\" \/>\n<meta property=\"og:type\" content=\"article\" \/>\n<meta property=\"og:title\" content=\"Musik og drama p\u00e5 skolen gav oplevelser i lufthaven - elsker det\" \/>\n<meta property=\"og:description\" content=\"Vi sidder ude ved gaten til flyet. Der er forsinkelse. Alle er lidt irriterede. Vi har f\u00e5et at vide, at forsinkelsen skyldes en teknisk fejl i flyets #KommercieltIndhold\" \/>\n<meta property=\"og:url\" content=\"https:\/\/groennedemokrater.dk\/?p=238\" \/>\n<meta property=\"og:site_name\" content=\"Gr&oslash;nne Demokrater\" \/>\n<meta property=\"article:published_time\" content=\"2021-07-14T19:57:35+00:00\" \/>\n<meta property=\"og:image\" content=\"https:\/\/groennedemokrater.dk\/wp-content\/uploads\/2021\/07\/hair-blue-face-skin-hairstyle-shoulder-1629996-pxhere.com_.jpg\" \/>\n\t<meta property=\"og:image:width\" content=\"800\" \/>\n\t<meta property=\"og:image:height\" content=\"533\" \/>\n\t<meta property=\"og:image:type\" content=\"image\/jpeg\" \/>\n<meta name=\"author\" content=\"Kristina\" \/>\n<meta name=\"twitter:label1\" content=\"Skrevet af\" \/>\n\t<meta name=\"twitter:data1\" content=\"Kristina\" \/>\n\t<meta name=\"twitter:label2\" content=\"Estimeret l\u00e6setid\" \/>\n\t<meta name=\"twitter:data2\" content=\"5 minutter\" \/>\n<script type=\"application\/ld+json\" class=\"yoast-schema-graph\">{\"@context\":\"https:\\\/\\\/schema.org\",\"@graph\":[{\"@type\":\"Article\",\"@id\":\"https:\\\/\\\/groennedemokrater.dk\\\/?p=238#article\",\"isPartOf\":{\"@id\":\"https:\\\/\\\/groennedemokrater.dk\\\/?p=238\"},\"author\":{\"name\":\"Kristina\",\"@id\":\"https:\\\/\\\/groennedemokrater.dk\\\/#\\\/schema\\\/person\\\/17af725e055c3d1236c95a04fe314124\"},\"headline\":\"Musik og drama p\u00e5 skolen\",\"datePublished\":\"2021-07-14T19:57:35+00:00\",\"mainEntityOfPage\":{\"@id\":\"https:\\\/\\\/groennedemokrater.dk\\\/?p=238\"},\"wordCount\":1086,\"commentCount\":0,\"image\":{\"@id\":\"https:\\\/\\\/groennedemokrater.dk\\\/?p=238#primaryimage\"},\"thumbnailUrl\":\"https:\\\/\\\/groennedemokrater.dk\\\/wp-content\\\/uploads\\\/2021\\\/07\\\/hair-blue-face-skin-hairstyle-shoulder-1629996-pxhere.com_.jpg\",\"articleSection\":[\"Uncategorized\"],\"inLanguage\":\"da-DK\",\"potentialAction\":[{\"@type\":\"CommentAction\",\"name\":\"Comment\",\"target\":[\"https:\\\/\\\/groennedemokrater.dk\\\/?p=238#respond\"]}]},{\"@type\":\"WebPage\",\"@id\":\"https:\\\/\\\/groennedemokrater.dk\\\/?p=238\",\"url\":\"https:\\\/\\\/groennedemokrater.dk\\\/?p=238\",\"name\":\"Musik og drama p\u00e5 skolen gav oplevelser i lufthaven - elsker det\",\"isPartOf\":{\"@id\":\"https:\\\/\\\/groennedemokrater.dk\\\/#website\"},\"primaryImageOfPage\":{\"@id\":\"https:\\\/\\\/groennedemokrater.dk\\\/?p=238#primaryimage\"},\"image\":{\"@id\":\"https:\\\/\\\/groennedemokrater.dk\\\/?p=238#primaryimage\"},\"thumbnailUrl\":\"https:\\\/\\\/groennedemokrater.dk\\\/wp-content\\\/uploads\\\/2021\\\/07\\\/hair-blue-face-skin-hairstyle-shoulder-1629996-pxhere.com_.jpg\",\"datePublished\":\"2021-07-14T19:57:35+00:00\",\"author\":{\"@id\":\"https:\\\/\\\/groennedemokrater.dk\\\/#\\\/schema\\\/person\\\/17af725e055c3d1236c95a04fe314124\"},\"description\":\"Vi sidder ude ved gaten til flyet. Der er forsinkelse. Alle er lidt irriterede. Vi har f\u00e5et at vide, at forsinkelsen skyldes en teknisk fejl i flyets #KommercieltIndhold\",\"inLanguage\":\"da-DK\",\"potentialAction\":[{\"@type\":\"ReadAction\",\"target\":[\"https:\\\/\\\/groennedemokrater.dk\\\/?p=238\"]}]},{\"@type\":\"ImageObject\",\"inLanguage\":\"da-DK\",\"@id\":\"https:\\\/\\\/groennedemokrater.dk\\\/?p=238#primaryimage\",\"url\":\"https:\\\/\\\/groennedemokrater.dk\\\/wp-content\\\/uploads\\\/2021\\\/07\\\/hair-blue-face-skin-hairstyle-shoulder-1629996-pxhere.com_.jpg\",\"contentUrl\":\"https:\\\/\\\/groennedemokrater.dk\\\/wp-content\\\/uploads\\\/2021\\\/07\\\/hair-blue-face-skin-hairstyle-shoulder-1629996-pxhere.com_.jpg\",\"width\":800,\"height\":533},{\"@type\":\"WebSite\",\"@id\":\"https:\\\/\\\/groennedemokrater.dk\\\/#website\",\"url\":\"https:\\\/\\\/groennedemokrater.dk\\\/\",\"name\":\"Gr&oslash;nne Demokrater\",\"description\":\"En blog om politik og livet generelt\",\"potentialAction\":[{\"@type\":\"SearchAction\",\"target\":{\"@type\":\"EntryPoint\",\"urlTemplate\":\"https:\\\/\\\/groennedemokrater.dk\\\/?s={search_term_string}\"},\"query-input\":{\"@type\":\"PropertyValueSpecification\",\"valueRequired\":true,\"valueName\":\"search_term_string\"}}],\"inLanguage\":\"da-DK\"},{\"@type\":\"Person\",\"@id\":\"https:\\\/\\\/groennedemokrater.dk\\\/#\\\/schema\\\/person\\\/17af725e055c3d1236c95a04fe314124\",\"name\":\"Kristina\",\"image\":{\"@type\":\"ImageObject\",\"inLanguage\":\"da-DK\",\"@id\":\"https:\\\/\\\/secure.gravatar.com\\\/avatar\\\/a93ea63b630ef4ea4cd502aa7856d7053010bfa95e0cb233f6212a17e4a14552?s=96&d=mm&r=g\",\"url\":\"https:\\\/\\\/secure.gravatar.com\\\/avatar\\\/a93ea63b630ef4ea4cd502aa7856d7053010bfa95e0cb233f6212a17e4a14552?s=96&d=mm&r=g\",\"contentUrl\":\"https:\\\/\\\/secure.gravatar.com\\\/avatar\\\/a93ea63b630ef4ea4cd502aa7856d7053010bfa95e0cb233f6212a17e4a14552?s=96&d=mm&r=g\",\"caption\":\"Kristina\"},\"url\":\"https:\\\/\\\/groennedemokrater.dk\\\/?author=3\"}]}<\/script>\n<!-- \/ Yoast SEO plugin. -->","yoast_head_json":{"title":"Musik og drama p\u00e5 skolen gav oplevelser i lufthaven - elsker det","description":"Vi sidder ude ved gaten til flyet. Der er forsinkelse. Alle er lidt irriterede. Vi har f\u00e5et at vide, at forsinkelsen skyldes en teknisk fejl i flyets #KommercieltIndhold","robots":{"index":"index","follow":"follow","max-snippet":"max-snippet:-1","max-image-preview":"max-image-preview:large","max-video-preview":"max-video-preview:-1"},"canonical":"https:\/\/groennedemokrater.dk\/?p=238","og_locale":"da_DK","og_type":"article","og_title":"Musik og drama p\u00e5 skolen gav oplevelser i lufthaven - elsker det","og_description":"Vi sidder ude ved gaten til flyet. Der er forsinkelse. Alle er lidt irriterede. Vi har f\u00e5et at vide, at forsinkelsen skyldes en teknisk fejl i flyets #KommercieltIndhold","og_url":"https:\/\/groennedemokrater.dk\/?p=238","og_site_name":"Gr&oslash;nne Demokrater","article_published_time":"2021-07-14T19:57:35+00:00","og_image":[{"width":800,"height":533,"url":"https:\/\/groennedemokrater.dk\/wp-content\/uploads\/2021\/07\/hair-blue-face-skin-hairstyle-shoulder-1629996-pxhere.com_.jpg","type":"image\/jpeg"}],"author":"Kristina","twitter_misc":{"Skrevet af":"Kristina","Estimeret l\u00e6setid":"5 minutter"},"schema":{"@context":"https:\/\/schema.org","@graph":[{"@type":"Article","@id":"https:\/\/groennedemokrater.dk\/?p=238#article","isPartOf":{"@id":"https:\/\/groennedemokrater.dk\/?p=238"},"author":{"name":"Kristina","@id":"https:\/\/groennedemokrater.dk\/#\/schema\/person\/17af725e055c3d1236c95a04fe314124"},"headline":"Musik og drama p\u00e5 skolen","datePublished":"2021-07-14T19:57:35+00:00","mainEntityOfPage":{"@id":"https:\/\/groennedemokrater.dk\/?p=238"},"wordCount":1086,"commentCount":0,"image":{"@id":"https:\/\/groennedemokrater.dk\/?p=238#primaryimage"},"thumbnailUrl":"https:\/\/groennedemokrater.dk\/wp-content\/uploads\/2021\/07\/hair-blue-face-skin-hairstyle-shoulder-1629996-pxhere.com_.jpg","articleSection":["Uncategorized"],"inLanguage":"da-DK","potentialAction":[{"@type":"CommentAction","name":"Comment","target":["https:\/\/groennedemokrater.dk\/?p=238#respond"]}]},{"@type":"WebPage","@id":"https:\/\/groennedemokrater.dk\/?p=238","url":"https:\/\/groennedemokrater.dk\/?p=238","name":"Musik og drama p\u00e5 skolen gav oplevelser i lufthaven - elsker det","isPartOf":{"@id":"https:\/\/groennedemokrater.dk\/#website"},"primaryImageOfPage":{"@id":"https:\/\/groennedemokrater.dk\/?p=238#primaryimage"},"image":{"@id":"https:\/\/groennedemokrater.dk\/?p=238#primaryimage"},"thumbnailUrl":"https:\/\/groennedemokrater.dk\/wp-content\/uploads\/2021\/07\/hair-blue-face-skin-hairstyle-shoulder-1629996-pxhere.com_.jpg","datePublished":"2021-07-14T19:57:35+00:00","author":{"@id":"https:\/\/groennedemokrater.dk\/#\/schema\/person\/17af725e055c3d1236c95a04fe314124"},"description":"Vi sidder ude ved gaten til flyet. Der er forsinkelse. Alle er lidt irriterede. Vi har f\u00e5et at vide, at forsinkelsen skyldes en teknisk fejl i flyets #KommercieltIndhold","inLanguage":"da-DK","potentialAction":[{"@type":"ReadAction","target":["https:\/\/groennedemokrater.dk\/?p=238"]}]},{"@type":"ImageObject","inLanguage":"da-DK","@id":"https:\/\/groennedemokrater.dk\/?p=238#primaryimage","url":"https:\/\/groennedemokrater.dk\/wp-content\/uploads\/2021\/07\/hair-blue-face-skin-hairstyle-shoulder-1629996-pxhere.com_.jpg","contentUrl":"https:\/\/groennedemokrater.dk\/wp-content\/uploads\/2021\/07\/hair-blue-face-skin-hairstyle-shoulder-1629996-pxhere.com_.jpg","width":800,"height":533},{"@type":"WebSite","@id":"https:\/\/groennedemokrater.dk\/#website","url":"https:\/\/groennedemokrater.dk\/","name":"Gr&oslash;nne Demokrater","description":"En blog om politik og livet generelt","potentialAction":[{"@type":"SearchAction","target":{"@type":"EntryPoint","urlTemplate":"https:\/\/groennedemokrater.dk\/?s={search_term_string}"},"query-input":{"@type":"PropertyValueSpecification","valueRequired":true,"valueName":"search_term_string"}}],"inLanguage":"da-DK"},{"@type":"Person","@id":"https:\/\/groennedemokrater.dk\/#\/schema\/person\/17af725e055c3d1236c95a04fe314124","name":"Kristina","image":{"@type":"ImageObject","inLanguage":"da-DK","@id":"https:\/\/secure.gravatar.com\/avatar\/a93ea63b630ef4ea4cd502aa7856d7053010bfa95e0cb233f6212a17e4a14552?s=96&d=mm&r=g","url":"https:\/\/secure.gravatar.com\/avatar\/a93ea63b630ef4ea4cd502aa7856d7053010bfa95e0cb233f6212a17e4a14552?s=96&d=mm&r=g","contentUrl":"https:\/\/secure.gravatar.com\/avatar\/a93ea63b630ef4ea4cd502aa7856d7053010bfa95e0cb233f6212a17e4a14552?s=96&d=mm&r=g","caption":"Kristina"},"url":"https:\/\/groennedemokrater.dk\/?author=3"}]}},"_links":{"self":[{"href":"https:\/\/groennedemokrater.dk\/index.php?rest_route=\/wp\/v2\/posts\/238","targetHints":{"allow":["GET"]}}],"collection":[{"href":"https:\/\/groennedemokrater.dk\/index.php?rest_route=\/wp\/v2\/posts"}],"about":[{"href":"https:\/\/groennedemokrater.dk\/index.php?rest_route=\/wp\/v2\/types\/post"}],"author":[{"embeddable":true,"href":"https:\/\/groennedemokrater.dk\/index.php?rest_route=\/wp\/v2\/users\/3"}],"replies":[{"embeddable":true,"href":"https:\/\/groennedemokrater.dk\/index.php?rest_route=%2Fwp%2Fv2%2Fcomments&post=238"}],"version-history":[{"count":1,"href":"https:\/\/groennedemokrater.dk\/index.php?rest_route=\/wp\/v2\/posts\/238\/revisions"}],"predecessor-version":[{"id":240,"href":"https:\/\/groennedemokrater.dk\/index.php?rest_route=\/wp\/v2\/posts\/238\/revisions\/240"}],"wp:featuredmedia":[{"embeddable":true,"href":"https:\/\/groennedemokrater.dk\/index.php?rest_route=\/wp\/v2\/media\/239"}],"wp:attachment":[{"href":"https:\/\/groennedemokrater.dk\/index.php?rest_route=%2Fwp%2Fv2%2Fmedia&parent=238"}],"wp:term":[{"taxonomy":"category","embeddable":true,"href":"https:\/\/groennedemokrater.dk\/index.php?rest_route=%2Fwp%2Fv2%2Fcategories&post=238"},{"taxonomy":"post_tag","embeddable":true,"href":"https:\/\/groennedemokrater.dk\/index.php?rest_route=%2Fwp%2Fv2%2Ftags&post=238"}],"curies":[{"name":"wp","href":"https:\/\/api.w.org\/{rel}","templated":true}]}}