{"id":319,"date":"2021-08-17T19:59:17","date_gmt":"2021-08-17T17:59:17","guid":{"rendered":"https:\/\/groennedemokrater.dk\/?p=319"},"modified":"2021-08-17T19:59:17","modified_gmt":"2021-08-17T17:59:17","slug":"konflikthaandtering-kursus","status":"publish","type":"post","link":"https:\/\/groennedemokrater.dk\/?p=319","title":{"rendered":"Konflikth\u00e5ndtering kursus"},"content":{"rendered":"<p>Hver fredag eftermiddag slutter vi ugen af med et m\u00f8de. Ikke s\u00e5dan med eftermiddagskaffe og kage. Nej, vi fors\u00f8ger i min afdeling at planl\u00e6gge og s\u00e6tte m\u00e5l for den kommende uge. Og hvis vi vil, s\u00e5 slutter vi m\u00f8dets 2. session af med en fyraftensdrink nede p\u00e5 den lokale caf\u00e9. 2. session kan f\u00f8rst begynde, n\u00e5r det faglige er sat p\u00e5 plads. Det plejer at v\u00e6re nogle gode m\u00f8der \u2013 og det har da ogs\u00e5 hjulpet vores effektivitet, at vi ved, hvad vi g\u00e5r ind til, n\u00e5r mandag morgen kommer. Men her sidste fredag var der s\u00e5 lige et ekstra punkt p\u00e5 dagsordenen, inden session 2 kunne begynde.<\/p>\n<p><!--more--><\/p>\n<h2>Budgettet<\/h2>\n<p>Vores leder fortalte os, at vi ikke har brugt hele den pose penge vi fik til videreuddannelse. Han henstillede derfor til, at vi lagde vores hjerner i t\u00e6nkeboksen hen over weekenden og kom med forslag til kurser, vi gerne vil deltage i. Der vil v\u00e6re mulighed for at f\u00e5 et eller to kurser finansieret, hvis budgettet for det ligger inden for rimelighedens gr\u00e6nser.<\/p>\n<p>Jeg synes, at det er helt fint. S\u00e5 jeg t\u00e6nkte mig om i l\u00f8bet af weekenden. F\u00f8rst t\u00e6nkte jeg p\u00e5, at jeg s\u00e5dan set gerne vil blive bedre til russisk. Men det er jo ligesom ikke helt fagrelateret. Vi har ingen russiske kunder. Jeg kan bare godt lide at l\u00e6re fremmedsprog, og er p\u00e5 begynderniveau i russisk.<\/p>\n<h3>Kursus i pr\u00e6sentationsteknik<\/h3>\n<p>Derefter t\u00e6nkte jeg, at det m\u00e5ske kunne v\u00e6re relevant for mig at f\u00e5 et kursus i <a href=\"https:\/\/www.mbk.dk\/kursus\/praesentationsteknik-3-dage\/\">pr\u00e6sentationsteknik<\/a>. Jeg vil jo gerne videre i min karriere. Og jeg er faktisk lidt utilfreds med, at jeg ikke f\u00e5r lov til at komme med til de pr\u00e6sentationer, som jeg sidder og laver PowerPoint-pr\u00e6sentationer til. Det er repr\u00e6sentanterne, der kommer og giver mig deres udkast, og s\u00e5 s\u00e6tter jeg det op for dem. Jeg kunne godt t\u00e6nke mig at blive repr\u00e6sentant. Jeg kan jo godt lide at tale med folk. Jeg s\u00e6tter mig ned og skriver det ned. Hvilket kursus jeg kunne t\u00e6nke mig at komme p\u00e5. Hvorfor jeg gerne vil deltage. Hvad jeg tror, det vil give mig. Hvor og hvorn\u00e5r kan jeg komme p\u00e5 kursus, og hvad det vil koste.<\/p>\n<h4>Konflikth\u00e5ndtering kursus<\/h4>\n<p>S\u00f8ndag aften ringede jeg til min veninde, som ogs\u00e5 arbejder i virksomheden. Jeg spurgte hende, om hun har t\u00e6nkt p\u00e5 kurser. Det havde hun \u2013 men ikke helt p\u00e5 samme m\u00e5de som jeg. Hun vil gerne p\u00e5 et <a href=\"https:\/\/www.mbk.dk\/kursus\/konflikthaandtering-og-kommunikation-2-dage\/\">kursus i konflikth\u00e5ndtering<\/a> \u2013 eller bare et teambuilding-kursus. Jeg sp\u00f8rger hende om hvorfor hun vil p\u00e5 teambuilding eller l\u00e6re at h\u00e5ndtere konflikter. Hun fort\u00e6ller mig, at hun har haft problemer med sine b\u00f8rn her i weekenden. De har bare v\u00e6ret helt umulige at tale med. De er lige i den alder, hvor for\u00e6ldre g\u00f8r alting forkert. Ok, det er m\u00e5ske en god, privat grund, men er det tilstr\u00e6kkeligt til, at man kommer p\u00e5 kursus for virksomhedens regning? Vi talte lidt om arbejdet, og hvad der venter os i n\u00e6ste uge.<\/p>\n<p>Mandag morgen gav jeg s\u00e5 min leder noten om et <a href=\"https:\/\/paperlinxscandinavia.dk\/praesentationsteknik.html\">kursus<\/a> i pr\u00e6sentationsteknik. Han lovede mig, at han ville kigge p\u00e5 det. P\u00e5 fredag f\u00e5r jeg besked, om jeg f\u00e5r kurset.<\/p>\n<div class=\"dnzvd69f4d14c2ccdf\" ><img src=\"https:\/\/groennedemokrater.dk\/wp-content\/uploads\/2020\/10\/Disclaimer.png\" alt=\"Disclaimer\"><\/div><style type=\"text\/css\">\r\n@media screen and (min-width: 1201px) {\r\n.dnzvd69f4d14c2ccdf {\r\ndisplay: block;\r\n}\r\n}\r\n@media screen and (min-width: 993px) and (max-width: 1200px) {\r\n.dnzvd69f4d14c2ccdf {\r\ndisplay: block;\r\n}\r\n}\r\n@media screen and (min-width: 769px) and (max-width: 992px) {\r\n.dnzvd69f4d14c2ccdf {\r\ndisplay: block;\r\n}\r\n}\r\n@media screen and (min-width: 768px) and (max-width: 768px) {\r\n.dnzvd69f4d14c2ccdf {\r\ndisplay: block;\r\n}\r\n}\r\n@media screen and (max-width: 767px) {\r\n.dnzvd69f4d14c2ccdf {\r\ndisplay: block;\r\n}\r\n}\r\n<\/style>\r\n","protected":false},"excerpt":{"rendered":"<p>Hver fredag eftermiddag slutter vi ugen af med et m\u00f8de. Ikke s\u00e5dan med eftermiddagskaffe og kage. Nej, vi fors\u00f8ger i min afdeling at planl\u00e6gge og s\u00e6tte m\u00e5l for den kommende uge. Og hvis vi vil, s\u00e5 slutter vi m\u00f8dets 2. session af med en fyraftensdrink nede p\u00e5 den lokale caf\u00e9. 2. session kan f\u00f8rst begynde, &hellip; <a href=\"https:\/\/groennedemokrater.dk\/?p=319\" class=\"more-link\">L\u00e6s videre <span class=\"screen-reader-text\">Konflikth\u00e5ndtering kursus<\/span> <span class=\"meta-nav\">&rarr;<\/span><\/a><\/p>\n","protected":false},"author":3,"featured_media":320,"comment_status":"open","ping_status":"open","sticky":false,"template":"","format":"standard","meta":{"footnotes":""},"categories":[1],"tags":[],"class_list":["post-319","post","type-post","status-publish","format-standard","has-post-thumbnail","hentry","category-uncategorized"],"yoast_head":"<!-- This site is optimized with the Yoast SEO plugin v27.5 - https:\/\/yoast.com\/product\/yoast-seo-wordpress\/ -->\n<title>Konflikth\u00e5ndtering kursus sammen med pr\u00e6sentationsteknik<\/title>\n<meta name=\"description\" content=\"Hver fredag eftermiddag slutter vi ugen af med et m\u00f8de. Ikke s\u00e5dan med eftermiddagskaffe og kage. Nej, vi fors\u00f8ger i min afdeling at planl\u00e6gge og s\u00e6tte #KommercieltIndhold\" \/>\n<meta name=\"robots\" content=\"index, follow, max-snippet:-1, max-image-preview:large, max-video-preview:-1\" \/>\n<link rel=\"canonical\" href=\"https:\/\/groennedemokrater.dk\/?p=319\" \/>\n<meta property=\"og:locale\" content=\"da_DK\" \/>\n<meta property=\"og:type\" content=\"article\" \/>\n<meta property=\"og:title\" content=\"Konflikth\u00e5ndtering kursus sammen med pr\u00e6sentationsteknik\" \/>\n<meta property=\"og:description\" content=\"Hver fredag eftermiddag slutter vi ugen af med et m\u00f8de. Ikke s\u00e5dan med eftermiddagskaffe og kage. Nej, vi fors\u00f8ger i min afdeling at planl\u00e6gge og s\u00e6tte #KommercieltIndhold\" \/>\n<meta property=\"og:url\" content=\"https:\/\/groennedemokrater.dk\/?p=319\" \/>\n<meta property=\"og:site_name\" content=\"Gr&oslash;nne Demokrater\" \/>\n<meta property=\"article:published_time\" content=\"2021-08-17T17:59:17+00:00\" \/>\n<meta property=\"og:image\" content=\"https:\/\/groennedemokrater.dk\/wp-content\/uploads\/2021\/08\/155-thumbnail.jpg\" \/>\n\t<meta property=\"og:image:width\" content=\"555\" \/>\n\t<meta property=\"og:image:height\" content=\"370\" \/>\n\t<meta property=\"og:image:type\" content=\"image\/jpeg\" \/>\n<meta name=\"author\" content=\"Kristina\" \/>\n<meta name=\"twitter:label1\" content=\"Skrevet af\" \/>\n\t<meta name=\"twitter:data1\" content=\"Kristina\" \/>\n\t<meta name=\"twitter:label2\" content=\"Estimeret l\u00e6setid\" \/>\n\t<meta name=\"twitter:data2\" content=\"3 minutter\" \/>\n<script type=\"application\/ld+json\" class=\"yoast-schema-graph\">{\"@context\":\"https:\\\/\\\/schema.org\",\"@graph\":[{\"@type\":\"Article\",\"@id\":\"https:\\\/\\\/groennedemokrater.dk\\\/?p=319#article\",\"isPartOf\":{\"@id\":\"https:\\\/\\\/groennedemokrater.dk\\\/?p=319\"},\"author\":{\"name\":\"Kristina\",\"@id\":\"https:\\\/\\\/groennedemokrater.dk\\\/#\\\/schema\\\/person\\\/17af725e055c3d1236c95a04fe314124\"},\"headline\":\"Konflikth\u00e5ndtering kursus\",\"datePublished\":\"2021-08-17T17:59:17+00:00\",\"mainEntityOfPage\":{\"@id\":\"https:\\\/\\\/groennedemokrater.dk\\\/?p=319\"},\"wordCount\":574,\"commentCount\":0,\"image\":{\"@id\":\"https:\\\/\\\/groennedemokrater.dk\\\/?p=319#primaryimage\"},\"thumbnailUrl\":\"https:\\\/\\\/groennedemokrater.dk\\\/wp-content\\\/uploads\\\/2021\\\/08\\\/155-thumbnail.jpg\",\"articleSection\":[\"Uncategorized\"],\"inLanguage\":\"da-DK\",\"potentialAction\":[{\"@type\":\"CommentAction\",\"name\":\"Comment\",\"target\":[\"https:\\\/\\\/groennedemokrater.dk\\\/?p=319#respond\"]}]},{\"@type\":\"WebPage\",\"@id\":\"https:\\\/\\\/groennedemokrater.dk\\\/?p=319\",\"url\":\"https:\\\/\\\/groennedemokrater.dk\\\/?p=319\",\"name\":\"Konflikth\u00e5ndtering kursus sammen med pr\u00e6sentationsteknik\",\"isPartOf\":{\"@id\":\"https:\\\/\\\/groennedemokrater.dk\\\/#website\"},\"primaryImageOfPage\":{\"@id\":\"https:\\\/\\\/groennedemokrater.dk\\\/?p=319#primaryimage\"},\"image\":{\"@id\":\"https:\\\/\\\/groennedemokrater.dk\\\/?p=319#primaryimage\"},\"thumbnailUrl\":\"https:\\\/\\\/groennedemokrater.dk\\\/wp-content\\\/uploads\\\/2021\\\/08\\\/155-thumbnail.jpg\",\"datePublished\":\"2021-08-17T17:59:17+00:00\",\"author\":{\"@id\":\"https:\\\/\\\/groennedemokrater.dk\\\/#\\\/schema\\\/person\\\/17af725e055c3d1236c95a04fe314124\"},\"description\":\"Hver fredag eftermiddag slutter vi ugen af med et m\u00f8de. Ikke s\u00e5dan med eftermiddagskaffe og kage. Nej, vi fors\u00f8ger i min afdeling at planl\u00e6gge og s\u00e6tte #KommercieltIndhold\",\"inLanguage\":\"da-DK\",\"potentialAction\":[{\"@type\":\"ReadAction\",\"target\":[\"https:\\\/\\\/groennedemokrater.dk\\\/?p=319\"]}]},{\"@type\":\"ImageObject\",\"inLanguage\":\"da-DK\",\"@id\":\"https:\\\/\\\/groennedemokrater.dk\\\/?p=319#primaryimage\",\"url\":\"https:\\\/\\\/groennedemokrater.dk\\\/wp-content\\\/uploads\\\/2021\\\/08\\\/155-thumbnail.jpg\",\"contentUrl\":\"https:\\\/\\\/groennedemokrater.dk\\\/wp-content\\\/uploads\\\/2021\\\/08\\\/155-thumbnail.jpg\",\"width\":555,\"height\":370},{\"@type\":\"WebSite\",\"@id\":\"https:\\\/\\\/groennedemokrater.dk\\\/#website\",\"url\":\"https:\\\/\\\/groennedemokrater.dk\\\/\",\"name\":\"Gr&oslash;nne Demokrater\",\"description\":\"En blog om politik og livet generelt\",\"potentialAction\":[{\"@type\":\"SearchAction\",\"target\":{\"@type\":\"EntryPoint\",\"urlTemplate\":\"https:\\\/\\\/groennedemokrater.dk\\\/?s={search_term_string}\"},\"query-input\":{\"@type\":\"PropertyValueSpecification\",\"valueRequired\":true,\"valueName\":\"search_term_string\"}}],\"inLanguage\":\"da-DK\"},{\"@type\":\"Person\",\"@id\":\"https:\\\/\\\/groennedemokrater.dk\\\/#\\\/schema\\\/person\\\/17af725e055c3d1236c95a04fe314124\",\"name\":\"Kristina\",\"image\":{\"@type\":\"ImageObject\",\"inLanguage\":\"da-DK\",\"@id\":\"https:\\\/\\\/secure.gravatar.com\\\/avatar\\\/a93ea63b630ef4ea4cd502aa7856d7053010bfa95e0cb233f6212a17e4a14552?s=96&d=mm&r=g\",\"url\":\"https:\\\/\\\/secure.gravatar.com\\\/avatar\\\/a93ea63b630ef4ea4cd502aa7856d7053010bfa95e0cb233f6212a17e4a14552?s=96&d=mm&r=g\",\"contentUrl\":\"https:\\\/\\\/secure.gravatar.com\\\/avatar\\\/a93ea63b630ef4ea4cd502aa7856d7053010bfa95e0cb233f6212a17e4a14552?s=96&d=mm&r=g\",\"caption\":\"Kristina\"},\"url\":\"https:\\\/\\\/groennedemokrater.dk\\\/?author=3\"}]}<\/script>\n<!-- \/ Yoast SEO plugin. -->","yoast_head_json":{"title":"Konflikth\u00e5ndtering kursus sammen med pr\u00e6sentationsteknik","description":"Hver fredag eftermiddag slutter vi ugen af med et m\u00f8de. Ikke s\u00e5dan med eftermiddagskaffe og kage. Nej, vi fors\u00f8ger i min afdeling at planl\u00e6gge og s\u00e6tte #KommercieltIndhold","robots":{"index":"index","follow":"follow","max-snippet":"max-snippet:-1","max-image-preview":"max-image-preview:large","max-video-preview":"max-video-preview:-1"},"canonical":"https:\/\/groennedemokrater.dk\/?p=319","og_locale":"da_DK","og_type":"article","og_title":"Konflikth\u00e5ndtering kursus sammen med pr\u00e6sentationsteknik","og_description":"Hver fredag eftermiddag slutter vi ugen af med et m\u00f8de. Ikke s\u00e5dan med eftermiddagskaffe og kage. Nej, vi fors\u00f8ger i min afdeling at planl\u00e6gge og s\u00e6tte #KommercieltIndhold","og_url":"https:\/\/groennedemokrater.dk\/?p=319","og_site_name":"Gr&oslash;nne Demokrater","article_published_time":"2021-08-17T17:59:17+00:00","og_image":[{"width":555,"height":370,"url":"https:\/\/groennedemokrater.dk\/wp-content\/uploads\/2021\/08\/155-thumbnail.jpg","type":"image\/jpeg"}],"author":"Kristina","twitter_misc":{"Skrevet af":"Kristina","Estimeret l\u00e6setid":"3 minutter"},"schema":{"@context":"https:\/\/schema.org","@graph":[{"@type":"Article","@id":"https:\/\/groennedemokrater.dk\/?p=319#article","isPartOf":{"@id":"https:\/\/groennedemokrater.dk\/?p=319"},"author":{"name":"Kristina","@id":"https:\/\/groennedemokrater.dk\/#\/schema\/person\/17af725e055c3d1236c95a04fe314124"},"headline":"Konflikth\u00e5ndtering kursus","datePublished":"2021-08-17T17:59:17+00:00","mainEntityOfPage":{"@id":"https:\/\/groennedemokrater.dk\/?p=319"},"wordCount":574,"commentCount":0,"image":{"@id":"https:\/\/groennedemokrater.dk\/?p=319#primaryimage"},"thumbnailUrl":"https:\/\/groennedemokrater.dk\/wp-content\/uploads\/2021\/08\/155-thumbnail.jpg","articleSection":["Uncategorized"],"inLanguage":"da-DK","potentialAction":[{"@type":"CommentAction","name":"Comment","target":["https:\/\/groennedemokrater.dk\/?p=319#respond"]}]},{"@type":"WebPage","@id":"https:\/\/groennedemokrater.dk\/?p=319","url":"https:\/\/groennedemokrater.dk\/?p=319","name":"Konflikth\u00e5ndtering kursus sammen med pr\u00e6sentationsteknik","isPartOf":{"@id":"https:\/\/groennedemokrater.dk\/#website"},"primaryImageOfPage":{"@id":"https:\/\/groennedemokrater.dk\/?p=319#primaryimage"},"image":{"@id":"https:\/\/groennedemokrater.dk\/?p=319#primaryimage"},"thumbnailUrl":"https:\/\/groennedemokrater.dk\/wp-content\/uploads\/2021\/08\/155-thumbnail.jpg","datePublished":"2021-08-17T17:59:17+00:00","author":{"@id":"https:\/\/groennedemokrater.dk\/#\/schema\/person\/17af725e055c3d1236c95a04fe314124"},"description":"Hver fredag eftermiddag slutter vi ugen af med et m\u00f8de. Ikke s\u00e5dan med eftermiddagskaffe og kage. Nej, vi fors\u00f8ger i min afdeling at planl\u00e6gge og s\u00e6tte #KommercieltIndhold","inLanguage":"da-DK","potentialAction":[{"@type":"ReadAction","target":["https:\/\/groennedemokrater.dk\/?p=319"]}]},{"@type":"ImageObject","inLanguage":"da-DK","@id":"https:\/\/groennedemokrater.dk\/?p=319#primaryimage","url":"https:\/\/groennedemokrater.dk\/wp-content\/uploads\/2021\/08\/155-thumbnail.jpg","contentUrl":"https:\/\/groennedemokrater.dk\/wp-content\/uploads\/2021\/08\/155-thumbnail.jpg","width":555,"height":370},{"@type":"WebSite","@id":"https:\/\/groennedemokrater.dk\/#website","url":"https:\/\/groennedemokrater.dk\/","name":"Gr&oslash;nne Demokrater","description":"En blog om politik og livet generelt","potentialAction":[{"@type":"SearchAction","target":{"@type":"EntryPoint","urlTemplate":"https:\/\/groennedemokrater.dk\/?s={search_term_string}"},"query-input":{"@type":"PropertyValueSpecification","valueRequired":true,"valueName":"search_term_string"}}],"inLanguage":"da-DK"},{"@type":"Person","@id":"https:\/\/groennedemokrater.dk\/#\/schema\/person\/17af725e055c3d1236c95a04fe314124","name":"Kristina","image":{"@type":"ImageObject","inLanguage":"da-DK","@id":"https:\/\/secure.gravatar.com\/avatar\/a93ea63b630ef4ea4cd502aa7856d7053010bfa95e0cb233f6212a17e4a14552?s=96&d=mm&r=g","url":"https:\/\/secure.gravatar.com\/avatar\/a93ea63b630ef4ea4cd502aa7856d7053010bfa95e0cb233f6212a17e4a14552?s=96&d=mm&r=g","contentUrl":"https:\/\/secure.gravatar.com\/avatar\/a93ea63b630ef4ea4cd502aa7856d7053010bfa95e0cb233f6212a17e4a14552?s=96&d=mm&r=g","caption":"Kristina"},"url":"https:\/\/groennedemokrater.dk\/?author=3"}]}},"_links":{"self":[{"href":"https:\/\/groennedemokrater.dk\/index.php?rest_route=\/wp\/v2\/posts\/319","targetHints":{"allow":["GET"]}}],"collection":[{"href":"https:\/\/groennedemokrater.dk\/index.php?rest_route=\/wp\/v2\/posts"}],"about":[{"href":"https:\/\/groennedemokrater.dk\/index.php?rest_route=\/wp\/v2\/types\/post"}],"author":[{"embeddable":true,"href":"https:\/\/groennedemokrater.dk\/index.php?rest_route=\/wp\/v2\/users\/3"}],"replies":[{"embeddable":true,"href":"https:\/\/groennedemokrater.dk\/index.php?rest_route=%2Fwp%2Fv2%2Fcomments&post=319"}],"version-history":[{"count":1,"href":"https:\/\/groennedemokrater.dk\/index.php?rest_route=\/wp\/v2\/posts\/319\/revisions"}],"predecessor-version":[{"id":321,"href":"https:\/\/groennedemokrater.dk\/index.php?rest_route=\/wp\/v2\/posts\/319\/revisions\/321"}],"wp:featuredmedia":[{"embeddable":true,"href":"https:\/\/groennedemokrater.dk\/index.php?rest_route=\/wp\/v2\/media\/320"}],"wp:attachment":[{"href":"https:\/\/groennedemokrater.dk\/index.php?rest_route=%2Fwp%2Fv2%2Fmedia&parent=319"}],"wp:term":[{"taxonomy":"category","embeddable":true,"href":"https:\/\/groennedemokrater.dk\/index.php?rest_route=%2Fwp%2Fv2%2Fcategories&post=319"},{"taxonomy":"post_tag","embeddable":true,"href":"https:\/\/groennedemokrater.dk\/index.php?rest_route=%2Fwp%2Fv2%2Ftags&post=319"}],"curies":[{"name":"wp","href":"https:\/\/api.w.org\/{rel}","templated":true}]}}