{"id":401,"date":"2022-02-18T17:22:04","date_gmt":"2022-02-18T16:22:04","guid":{"rendered":"https:\/\/groennedemokrater.dk\/?p=401"},"modified":"2022-02-17T17:27:04","modified_gmt":"2022-02-17T16:27:04","slug":"praesentation-og-konflikter","status":"publish","type":"post","link":"https:\/\/groennedemokrater.dk\/?p=401","title":{"rendered":"Pr\u00e6sentation og konflikter"},"content":{"rendered":"<p>Har du det ogs\u00e5 s\u00e5dan, at du ville \u00f8nske, at du var vokset op med den digitale verden, s\u00e5dan som vores b\u00f8rn gjorde, og g\u00f8r? Vi, der ikke er digitalt indf\u00f8dte, kan have lidt sv\u00e6rt ved at omstille hele vores verden og det, vi har l\u00e6rt, til de nye krav. Vi f\u00e5r dog mange tilbud om at komme p\u00e5 kurser, hvor vi kan videreuddanne os. Det er en gave, synes jeg. At jeg f\u00e5r et tilbud om at komme p\u00e5 et <a href=\"https:\/\/www.mbk.dk\/kursus\/praesentationsteknik-3-dage\/\">kursus i pr\u00e6sentationsteknik over 3 dage<\/a>, s\u00e5 jeg kan blive bedre til det, jeg arbejder med til hverdag: Undervisning.<\/p>\n<p><!--more--><\/p>\n<h2>Pr\u00e6sentationsteknikken<\/h2>\n<p>Hvis du ogs\u00e5 er underviser, s\u00e5 ved du, at du skal v\u00e6re meget klar i de budskaber, som du vil have, at elever, kursister eller de studerende skal forst\u00e5. Det nytter ikke noget at fedte rundt i et emne og f\u00e5 for mange informationer med ind i pr\u00e6sentationen, du har. Du ved ogs\u00e5, at du skal g\u00f8re dig klart, hvem din m\u00e5lgruppe er. Der er forskel p\u00e5 at undervise sm\u00e5 b\u00f8rn og studerende. Et kursus kan have deltagere, som er, har vidt forskellige kundskaber i forhold til emnet eller temaet, der skal undervises i. Det er ikke nemt. Vi har nogle v\u00e6rkt\u00f8jer, som vi kan bruge, n\u00e5r vi skal freml\u00e6gge ny viden eller forklare noget. PowerPoint er naturligvis et af de kendteste v\u00e6rkt\u00f8j til det brug.<\/p>\n<p>Det er bare ikke altid, at en pr\u00e6sentation p\u00e5 PowerPoint er tilstr\u00e6kkelig. Der skal suppleres med verbale forklaringer. Der skal m\u00e5ske fortolkes \u2013 og ja, kan en pr\u00e6sentation blive interaktiv imellem dig og de mennesker, som lytter til dig, er du n\u00e5et et godt stykke vej. En god pr\u00e6sentation sigter jo p\u00e5 at engagere dine lyttere og f\u00e5 dem draget ind i emnet, s\u00e5 de reflekterer over det, du har sagt. En god pr\u00e6sentation skal struktureres, s\u00e5 dem, der lytter, f\u00e5r mulighed for at forst\u00e5 reflektere og eventuelt udtrykke deres tvivl, eller hvad de undrer sig over.<\/p>\n<h3>Erfaringsniveauet<\/h3>\n<p>Nogle af os har stor erfaring med pr\u00e6sentationer. Vi har l\u00e6rt, at vi ikke beh\u00f8ver at v\u00e6re bange for at fejle. En fejl kan altid rettes. Andre af os kommer dog aldrig helt af med genertheden. Den der frygt for at st\u00e5 overfor en stor gruppe af ukendte mennesker kan v\u00e6re n\u00e6rmest lammende. Med erfaringen bliver vi dog bedre til at l\u00e6gge genertheden fra os. Og har vi l\u00e6rt at lytte til den feedback, vi ofte f\u00e5r via lytternes reaktioner, s\u00e5 bliver vi endnu bedre til at lave en god pr\u00e6sentation.<\/p>\n<p>Et kursus i pr\u00e6sentationsteknik kan hj\u00e6lpe alle til at blive bedre til at freml\u00e6gge og formidle viden og budskaber. Ofte vil s\u00e5dan et kursus indeholde konkrete \u00f8velser i, hvordan du skal strukturere pr\u00e6sentationen. Du vil f\u00e5 tips og ideer til, hvordan du kan g\u00f8re din PowerPoint flot \u2013 uden at du beh\u00f8ver at bruge mange ord. Du vil f\u00e5 for\u00f8get din forst\u00e5else for, hvordan du selv fremst\u00e5r overfor lytterne, n\u00e5r du holder pr\u00e6sentationen. Og du vil selvf\u00f8lgelig f\u00e5 l\u00e6rt en masse nye og sp\u00e6ndende mennesker at kende. Nogle af dem k\u00e6mper helt sikkert med de samme problemer som du.<\/p>\n<h4>Kommunikation er alfa og omega<\/h4>\n<p>Kommunikation er alfa og omega i vores liv. Har vi ikke god kommunikation med hinanden, s\u00e5 fungerer vi ikke. M\u00e5derne, vi kommunikerer med hinanden p\u00e5, er selvf\u00f8lgelig forskellige alt efter situationen, vi befinder os i. Er vi blandt venner, s\u00e5 kommunikerer vi p\u00e5 vores m\u00e5de. Verbalt. Via de sociale medier og andre platforme, som vi bruger til dagligt. Er vi hos familien \u2013 m\u00e5ske til en familiebegivenhed, s\u00e5 kommunikerer vi nok p\u00e5 en anden m\u00e5de med vores tante p\u00e5 75 end med f\u00e6tteren, som er vores j\u00e6vnaldrene.<br \/>\nP\u00e5 arbejdet har vi et arbejdssprog og en arbejdsrutine, som danner rygraden i kommunikationen der.<\/p>\n<p>Men hvordan kommunikerer du med en gruppe mennesker, du ikke kender? Du skal m\u00e5ske holde et opl\u00e6g for dem. Det kan v\u00e6re et foredrag. Det kan v\u00e6re en d\u00e5rlig eller en god nyhed. Her kan det v\u00e6re rigtigt sv\u00e6rt. Fordi du har m\u00e5ske f\u00e5et et bestemt antal minutter, du kan bruge til at f\u00e5 budskabet ud til dem. Og budskabet skal v\u00e6re klart.<\/p>\n<h4>Konflikter og kommunikation<\/h4>\n<p>Et kursus i pr\u00e6sentationsteknik kan v\u00e6re en god l\u00f8sning til at f\u00e5 l\u00f8st s\u00e5dan en opgave \u2013 m\u00e5ske sammen med et kursus i <a href=\"https:\/\/www.mbk.dk\/kursus\/konflikthaandtering-og-kommunikation-2-dage\/\">konflikth\u00e5ndtering og kommunikation som her<\/a>. Du har m\u00e5ske aldrig f\u00f8r i dit liv pr\u00f8vet at skulle give et budskab til en gruppe mennesker, du ikke kender. Kurset i pr\u00e6sentationsteknik kan hj\u00e6lpe dig til f\u00f8rst at f\u00e5 sat en struktur p\u00e5, hvordan du f\u00e5r budskabet ud. Og den struktur kan hj\u00e6lpe dig til at f\u00e5 sagt og vist budskabet p\u00e5 en logisk og let forst\u00e5elig m\u00e5de. Men du l\u00e6rer ikke kun at strukturere en pr\u00e6sentation. Du l\u00e6rer mange flere ting p\u00e5 s\u00e5dan et kursus. Du vil hurtigt l\u00e6re, at det ikke kun er vigtigt at f\u00e5 sat en god struktur p\u00e5 pr\u00e6sentationen. Du vil ogs\u00e5 l\u00e6re, at det er vigtigt at v\u00e6lge sine ord rigtigt. M\u00e5ske skal der l\u00e6gges en ekstra positiv vinkel, s\u00e5 det bliver klart, at det er gode nyheder. M\u00e5ske skal der d\u00e6mpes lidt ned, selvom nyheden i virkeligheden ikke er god.<\/p>\n<h4>Hvem skal lytte og forst\u00e5?<\/h4>\n<p>Det kommer naturligvis ogs\u00e5 an p\u00e5, hvem du skal pr\u00e6sentere for, hvordan du skal sige tingene. Er det sm\u00e5 b\u00f8rn, s\u00e5 er det nok ikke klogt at v\u00e6lge sv\u00e6rt forst\u00e5elige ord og s\u00e6tninger, der er meget lange. M\u00e5ske er det fagfolk, du skal tale til, og der kan det v\u00e6re fornuftigt at bruge fagsproget rigtigt.<\/p>\n<p>Et kursus i pr\u00e6sentationsteknik vil ogs\u00e5 give dig feedback p\u00e5, hvordan du bruger din krop, n\u00e5r du holder pr\u00e6sentationen. Det kan v\u00e6re, at dine lyttere ikke v\u00e6rds\u00e6tter, at du bare taler. M\u00e5ske skal der l\u00e6gges lidt kr\u00e6fter i at bruge din krop, s\u00e5 du virkeligt viser, at her er der tale om gode nyheder. M\u00e5ske skal du bruge din krop ved at sende signaler, der viser, at I sammen kan k\u00e6mpe jer igennem den kommende, sv\u00e6re periode. <a href=\"https:\/\/www.bacopenhagen.dk\/kursus-i-konflikthaandtering\/\">Det kan du l\u00e6se en artikel om her<\/a>.<\/p>\n<p>Nogle mennesker har en naturlig evne for at kunne bruge deres krop, n\u00e5r de skal pr\u00e6sentere noget for andre. Andre har ikke den evne. Det kan l\u00e6res. Det kr\u00e6ver \u00f8velse at l\u00e6re det. Men ved du f\u00f8rst, hvordan dit kropssprog p\u00e5virker andre, s\u00e5 kan du arbejde meget effektivt med kroppen i samspil med pr\u00e6sentationen.<\/p>\n<div class=\"hkgwh69eec7ac17f1c\" ><img src=\"https:\/\/groennedemokrater.dk\/wp-content\/uploads\/2020\/10\/Disclaimer.png\" alt=\"Disclaimer\"><\/div><style type=\"text\/css\">\r\n@media screen and (min-width: 1201px) {\r\n.hkgwh69eec7ac17f1c {\r\ndisplay: block;\r\n}\r\n}\r\n@media screen and (min-width: 993px) and (max-width: 1200px) {\r\n.hkgwh69eec7ac17f1c {\r\ndisplay: block;\r\n}\r\n}\r\n@media screen and (min-width: 769px) and (max-width: 992px) {\r\n.hkgwh69eec7ac17f1c {\r\ndisplay: block;\r\n}\r\n}\r\n@media screen and (min-width: 768px) and (max-width: 768px) {\r\n.hkgwh69eec7ac17f1c {\r\ndisplay: block;\r\n}\r\n}\r\n@media screen and (max-width: 767px) {\r\n.hkgwh69eec7ac17f1c {\r\ndisplay: block;\r\n}\r\n}\r\n<\/style>\r\n","protected":false},"excerpt":{"rendered":"<p>Har du det ogs\u00e5 s\u00e5dan, at du ville \u00f8nske, at du var vokset op med den digitale verden, s\u00e5dan som vores b\u00f8rn gjorde, og g\u00f8r? Vi, der ikke er digitalt indf\u00f8dte, kan have lidt sv\u00e6rt ved at omstille hele vores verden og det, vi har l\u00e6rt, til de nye krav. Vi f\u00e5r dog mange tilbud &hellip; <a href=\"https:\/\/groennedemokrater.dk\/?p=401\" class=\"more-link\">L\u00e6s videre <span class=\"screen-reader-text\">Pr\u00e6sentation og konflikter<\/span> <span class=\"meta-nav\">&rarr;<\/span><\/a><\/p>\n","protected":false},"author":3,"featured_media":402,"comment_status":"open","ping_status":"open","sticky":false,"template":"","format":"standard","meta":{"footnotes":""},"categories":[1],"tags":[],"class_list":["post-401","post","type-post","status-publish","format-standard","has-post-thumbnail","hentry","category-uncategorized"],"yoast_head":"<!-- This site is optimized with the Yoast SEO plugin v27.4 - https:\/\/yoast.com\/product\/yoast-seo-wordpress\/ -->\n<title>Pr\u00e6sentation og konflikter h\u00e6nger n\u00f8je sammen - l\u00e6s om det her<\/title>\n<meta name=\"description\" content=\"Har du det ogs\u00e5 s\u00e5dan, at du ville \u00f8nske, at du var vokset op med den digitale verden, s\u00e5dan som vores b\u00f8rn gjorde, og g\u00f8r? Vi, der ikke er digitalt #KommercieltIndhold\" \/>\n<meta name=\"robots\" content=\"index, follow, max-snippet:-1, max-image-preview:large, max-video-preview:-1\" \/>\n<link rel=\"canonical\" href=\"https:\/\/groennedemokrater.dk\/?p=401\" \/>\n<meta property=\"og:locale\" content=\"da_DK\" \/>\n<meta property=\"og:type\" content=\"article\" \/>\n<meta property=\"og:title\" content=\"Pr\u00e6sentation og konflikter h\u00e6nger n\u00f8je sammen - l\u00e6s om det her\" \/>\n<meta property=\"og:description\" content=\"Har du det ogs\u00e5 s\u00e5dan, at du ville \u00f8nske, at du var vokset op med den digitale verden, s\u00e5dan som vores b\u00f8rn gjorde, og g\u00f8r? Vi, der ikke er digitalt #KommercieltIndhold\" \/>\n<meta property=\"og:url\" content=\"https:\/\/groennedemokrater.dk\/?p=401\" \/>\n<meta property=\"og:site_name\" content=\"Gr&oslash;nne Demokrater\" \/>\n<meta property=\"article:published_time\" content=\"2022-02-18T16:22:04+00:00\" \/>\n<meta property=\"og:image\" content=\"https:\/\/groennedemokrater.dk\/wp-content\/uploads\/2022\/02\/oalh2mojuuk.jpg\" \/>\n\t<meta property=\"og:image:width\" content=\"1600\" \/>\n\t<meta property=\"og:image:height\" content=\"1067\" \/>\n\t<meta property=\"og:image:type\" content=\"image\/jpeg\" \/>\n<meta name=\"author\" content=\"Kristina\" \/>\n<meta name=\"twitter:label1\" content=\"Skrevet af\" \/>\n\t<meta name=\"twitter:data1\" content=\"Kristina\" \/>\n\t<meta name=\"twitter:label2\" content=\"Estimeret l\u00e6setid\" \/>\n\t<meta name=\"twitter:data2\" content=\"6 minutter\" \/>\n<script type=\"application\/ld+json\" class=\"yoast-schema-graph\">{\"@context\":\"https:\\\/\\\/schema.org\",\"@graph\":[{\"@type\":\"Article\",\"@id\":\"https:\\\/\\\/groennedemokrater.dk\\\/?p=401#article\",\"isPartOf\":{\"@id\":\"https:\\\/\\\/groennedemokrater.dk\\\/?p=401\"},\"author\":{\"name\":\"Kristina\",\"@id\":\"https:\\\/\\\/groennedemokrater.dk\\\/#\\\/schema\\\/person\\\/17af725e055c3d1236c95a04fe314124\"},\"headline\":\"Pr\u00e6sentation og konflikter\",\"datePublished\":\"2022-02-18T16:22:04+00:00\",\"mainEntityOfPage\":{\"@id\":\"https:\\\/\\\/groennedemokrater.dk\\\/?p=401\"},\"wordCount\":1183,\"commentCount\":0,\"image\":{\"@id\":\"https:\\\/\\\/groennedemokrater.dk\\\/?p=401#primaryimage\"},\"thumbnailUrl\":\"https:\\\/\\\/groennedemokrater.dk\\\/wp-content\\\/uploads\\\/2022\\\/02\\\/oalh2mojuuk.jpg\",\"articleSection\":[\"Uncategorized\"],\"inLanguage\":\"da-DK\",\"potentialAction\":[{\"@type\":\"CommentAction\",\"name\":\"Comment\",\"target\":[\"https:\\\/\\\/groennedemokrater.dk\\\/?p=401#respond\"]}]},{\"@type\":\"WebPage\",\"@id\":\"https:\\\/\\\/groennedemokrater.dk\\\/?p=401\",\"url\":\"https:\\\/\\\/groennedemokrater.dk\\\/?p=401\",\"name\":\"Pr\u00e6sentation og konflikter h\u00e6nger n\u00f8je sammen - l\u00e6s om det her\",\"isPartOf\":{\"@id\":\"https:\\\/\\\/groennedemokrater.dk\\\/#website\"},\"primaryImageOfPage\":{\"@id\":\"https:\\\/\\\/groennedemokrater.dk\\\/?p=401#primaryimage\"},\"image\":{\"@id\":\"https:\\\/\\\/groennedemokrater.dk\\\/?p=401#primaryimage\"},\"thumbnailUrl\":\"https:\\\/\\\/groennedemokrater.dk\\\/wp-content\\\/uploads\\\/2022\\\/02\\\/oalh2mojuuk.jpg\",\"datePublished\":\"2022-02-18T16:22:04+00:00\",\"author\":{\"@id\":\"https:\\\/\\\/groennedemokrater.dk\\\/#\\\/schema\\\/person\\\/17af725e055c3d1236c95a04fe314124\"},\"description\":\"Har du det ogs\u00e5 s\u00e5dan, at du ville \u00f8nske, at du var vokset op med den digitale verden, s\u00e5dan som vores b\u00f8rn gjorde, og g\u00f8r? Vi, der ikke er digitalt #KommercieltIndhold\",\"inLanguage\":\"da-DK\",\"potentialAction\":[{\"@type\":\"ReadAction\",\"target\":[\"https:\\\/\\\/groennedemokrater.dk\\\/?p=401\"]}]},{\"@type\":\"ImageObject\",\"inLanguage\":\"da-DK\",\"@id\":\"https:\\\/\\\/groennedemokrater.dk\\\/?p=401#primaryimage\",\"url\":\"https:\\\/\\\/groennedemokrater.dk\\\/wp-content\\\/uploads\\\/2022\\\/02\\\/oalh2mojuuk.jpg\",\"contentUrl\":\"https:\\\/\\\/groennedemokrater.dk\\\/wp-content\\\/uploads\\\/2022\\\/02\\\/oalh2mojuuk.jpg\",\"width\":1600,\"height\":1067,\"caption\":\"Kommunikation og pr\u00e6sentation\"},{\"@type\":\"WebSite\",\"@id\":\"https:\\\/\\\/groennedemokrater.dk\\\/#website\",\"url\":\"https:\\\/\\\/groennedemokrater.dk\\\/\",\"name\":\"Gr&oslash;nne Demokrater\",\"description\":\"En blog om politik og livet generelt\",\"potentialAction\":[{\"@type\":\"SearchAction\",\"target\":{\"@type\":\"EntryPoint\",\"urlTemplate\":\"https:\\\/\\\/groennedemokrater.dk\\\/?s={search_term_string}\"},\"query-input\":{\"@type\":\"PropertyValueSpecification\",\"valueRequired\":true,\"valueName\":\"search_term_string\"}}],\"inLanguage\":\"da-DK\"},{\"@type\":\"Person\",\"@id\":\"https:\\\/\\\/groennedemokrater.dk\\\/#\\\/schema\\\/person\\\/17af725e055c3d1236c95a04fe314124\",\"name\":\"Kristina\",\"image\":{\"@type\":\"ImageObject\",\"inLanguage\":\"da-DK\",\"@id\":\"https:\\\/\\\/secure.gravatar.com\\\/avatar\\\/a93ea63b630ef4ea4cd502aa7856d7053010bfa95e0cb233f6212a17e4a14552?s=96&d=mm&r=g\",\"url\":\"https:\\\/\\\/secure.gravatar.com\\\/avatar\\\/a93ea63b630ef4ea4cd502aa7856d7053010bfa95e0cb233f6212a17e4a14552?s=96&d=mm&r=g\",\"contentUrl\":\"https:\\\/\\\/secure.gravatar.com\\\/avatar\\\/a93ea63b630ef4ea4cd502aa7856d7053010bfa95e0cb233f6212a17e4a14552?s=96&d=mm&r=g\",\"caption\":\"Kristina\"},\"url\":\"https:\\\/\\\/groennedemokrater.dk\\\/?author=3\"}]}<\/script>\n<!-- \/ Yoast SEO plugin. -->","yoast_head_json":{"title":"Pr\u00e6sentation og konflikter h\u00e6nger n\u00f8je sammen - l\u00e6s om det her","description":"Har du det ogs\u00e5 s\u00e5dan, at du ville \u00f8nske, at du var vokset op med den digitale verden, s\u00e5dan som vores b\u00f8rn gjorde, og g\u00f8r? Vi, der ikke er digitalt #KommercieltIndhold","robots":{"index":"index","follow":"follow","max-snippet":"max-snippet:-1","max-image-preview":"max-image-preview:large","max-video-preview":"max-video-preview:-1"},"canonical":"https:\/\/groennedemokrater.dk\/?p=401","og_locale":"da_DK","og_type":"article","og_title":"Pr\u00e6sentation og konflikter h\u00e6nger n\u00f8je sammen - l\u00e6s om det her","og_description":"Har du det ogs\u00e5 s\u00e5dan, at du ville \u00f8nske, at du var vokset op med den digitale verden, s\u00e5dan som vores b\u00f8rn gjorde, og g\u00f8r? Vi, der ikke er digitalt #KommercieltIndhold","og_url":"https:\/\/groennedemokrater.dk\/?p=401","og_site_name":"Gr&oslash;nne Demokrater","article_published_time":"2022-02-18T16:22:04+00:00","og_image":[{"width":1600,"height":1067,"url":"https:\/\/groennedemokrater.dk\/wp-content\/uploads\/2022\/02\/oalh2mojuuk.jpg","type":"image\/jpeg"}],"author":"Kristina","twitter_misc":{"Skrevet af":"Kristina","Estimeret l\u00e6setid":"6 minutter"},"schema":{"@context":"https:\/\/schema.org","@graph":[{"@type":"Article","@id":"https:\/\/groennedemokrater.dk\/?p=401#article","isPartOf":{"@id":"https:\/\/groennedemokrater.dk\/?p=401"},"author":{"name":"Kristina","@id":"https:\/\/groennedemokrater.dk\/#\/schema\/person\/17af725e055c3d1236c95a04fe314124"},"headline":"Pr\u00e6sentation og konflikter","datePublished":"2022-02-18T16:22:04+00:00","mainEntityOfPage":{"@id":"https:\/\/groennedemokrater.dk\/?p=401"},"wordCount":1183,"commentCount":0,"image":{"@id":"https:\/\/groennedemokrater.dk\/?p=401#primaryimage"},"thumbnailUrl":"https:\/\/groennedemokrater.dk\/wp-content\/uploads\/2022\/02\/oalh2mojuuk.jpg","articleSection":["Uncategorized"],"inLanguage":"da-DK","potentialAction":[{"@type":"CommentAction","name":"Comment","target":["https:\/\/groennedemokrater.dk\/?p=401#respond"]}]},{"@type":"WebPage","@id":"https:\/\/groennedemokrater.dk\/?p=401","url":"https:\/\/groennedemokrater.dk\/?p=401","name":"Pr\u00e6sentation og konflikter h\u00e6nger n\u00f8je sammen - l\u00e6s om det her","isPartOf":{"@id":"https:\/\/groennedemokrater.dk\/#website"},"primaryImageOfPage":{"@id":"https:\/\/groennedemokrater.dk\/?p=401#primaryimage"},"image":{"@id":"https:\/\/groennedemokrater.dk\/?p=401#primaryimage"},"thumbnailUrl":"https:\/\/groennedemokrater.dk\/wp-content\/uploads\/2022\/02\/oalh2mojuuk.jpg","datePublished":"2022-02-18T16:22:04+00:00","author":{"@id":"https:\/\/groennedemokrater.dk\/#\/schema\/person\/17af725e055c3d1236c95a04fe314124"},"description":"Har du det ogs\u00e5 s\u00e5dan, at du ville \u00f8nske, at du var vokset op med den digitale verden, s\u00e5dan som vores b\u00f8rn gjorde, og g\u00f8r? Vi, der ikke er digitalt #KommercieltIndhold","inLanguage":"da-DK","potentialAction":[{"@type":"ReadAction","target":["https:\/\/groennedemokrater.dk\/?p=401"]}]},{"@type":"ImageObject","inLanguage":"da-DK","@id":"https:\/\/groennedemokrater.dk\/?p=401#primaryimage","url":"https:\/\/groennedemokrater.dk\/wp-content\/uploads\/2022\/02\/oalh2mojuuk.jpg","contentUrl":"https:\/\/groennedemokrater.dk\/wp-content\/uploads\/2022\/02\/oalh2mojuuk.jpg","width":1600,"height":1067,"caption":"Kommunikation og pr\u00e6sentation"},{"@type":"WebSite","@id":"https:\/\/groennedemokrater.dk\/#website","url":"https:\/\/groennedemokrater.dk\/","name":"Gr&oslash;nne Demokrater","description":"En blog om politik og livet generelt","potentialAction":[{"@type":"SearchAction","target":{"@type":"EntryPoint","urlTemplate":"https:\/\/groennedemokrater.dk\/?s={search_term_string}"},"query-input":{"@type":"PropertyValueSpecification","valueRequired":true,"valueName":"search_term_string"}}],"inLanguage":"da-DK"},{"@type":"Person","@id":"https:\/\/groennedemokrater.dk\/#\/schema\/person\/17af725e055c3d1236c95a04fe314124","name":"Kristina","image":{"@type":"ImageObject","inLanguage":"da-DK","@id":"https:\/\/secure.gravatar.com\/avatar\/a93ea63b630ef4ea4cd502aa7856d7053010bfa95e0cb233f6212a17e4a14552?s=96&d=mm&r=g","url":"https:\/\/secure.gravatar.com\/avatar\/a93ea63b630ef4ea4cd502aa7856d7053010bfa95e0cb233f6212a17e4a14552?s=96&d=mm&r=g","contentUrl":"https:\/\/secure.gravatar.com\/avatar\/a93ea63b630ef4ea4cd502aa7856d7053010bfa95e0cb233f6212a17e4a14552?s=96&d=mm&r=g","caption":"Kristina"},"url":"https:\/\/groennedemokrater.dk\/?author=3"}]}},"_links":{"self":[{"href":"https:\/\/groennedemokrater.dk\/index.php?rest_route=\/wp\/v2\/posts\/401","targetHints":{"allow":["GET"]}}],"collection":[{"href":"https:\/\/groennedemokrater.dk\/index.php?rest_route=\/wp\/v2\/posts"}],"about":[{"href":"https:\/\/groennedemokrater.dk\/index.php?rest_route=\/wp\/v2\/types\/post"}],"author":[{"embeddable":true,"href":"https:\/\/groennedemokrater.dk\/index.php?rest_route=\/wp\/v2\/users\/3"}],"replies":[{"embeddable":true,"href":"https:\/\/groennedemokrater.dk\/index.php?rest_route=%2Fwp%2Fv2%2Fcomments&post=401"}],"version-history":[{"count":1,"href":"https:\/\/groennedemokrater.dk\/index.php?rest_route=\/wp\/v2\/posts\/401\/revisions"}],"predecessor-version":[{"id":403,"href":"https:\/\/groennedemokrater.dk\/index.php?rest_route=\/wp\/v2\/posts\/401\/revisions\/403"}],"wp:featuredmedia":[{"embeddable":true,"href":"https:\/\/groennedemokrater.dk\/index.php?rest_route=\/wp\/v2\/media\/402"}],"wp:attachment":[{"href":"https:\/\/groennedemokrater.dk\/index.php?rest_route=%2Fwp%2Fv2%2Fmedia&parent=401"}],"wp:term":[{"taxonomy":"category","embeddable":true,"href":"https:\/\/groennedemokrater.dk\/index.php?rest_route=%2Fwp%2Fv2%2Fcategories&post=401"},{"taxonomy":"post_tag","embeddable":true,"href":"https:\/\/groennedemokrater.dk\/index.php?rest_route=%2Fwp%2Fv2%2Ftags&post=401"}],"curies":[{"name":"wp","href":"https:\/\/api.w.org\/{rel}","templated":true}]}}